{"id":1306,"date":"2025-11-01T15:06:58","date_gmt":"2025-11-01T14:06:58","guid":{"rendered":"https:\/\/assoesna.org\/?p=1306"},"modified":"2025-11-01T15:18:41","modified_gmt":"2025-11-01T14:18:41","slug":"esna-et-eurobogen-notre-collaboration-audiovisuelle-pour-la-journee-de-la-paix-a-strasbourg","status":"publish","type":"post","link":"https:\/\/assoesna.org\/index.php\/2025\/11\/01\/esna-et-eurobogen-notre-collaboration-audiovisuelle-pour-la-journee-de-la-paix-a-strasbourg\/","title":{"rendered":"ESNA et Eurobogen : Notre collaboration audiovisuelle pour la Journ\u00e9e de la Paix \u00e0 Strasbourg"},"content":{"rendered":"\t\t<div data-elementor-type=\"wp-post\" data-elementor-id=\"1306\" class=\"elementor elementor-1306\">\n\t\t\t\t<div class=\"elementor-element elementor-element-6ec7b85 e-flex e-con-boxed wpr-particle-no wpr-jarallax-no wpr-parallax-no wpr-sticky-section-no wpr-equal-height-no e-con e-parent\" data-id=\"6ec7b85\" data-element_type=\"container\" data-e-type=\"container\">\n\t\t\t\t\t<div class=\"e-con-inner\">\n\t\t\t\t<div class=\"elementor-element elementor-element-8eb1ef7 elementor-widget elementor-widget-heading\" data-id=\"8eb1ef7\" data-element_type=\"widget\" data-e-type=\"widget\" data-widget_type=\"heading.default\">\n\t\t\t\t<div class=\"elementor-widget-container\">\n\t\t\t\t\t<h2 class=\"elementor-heading-title elementor-size-default\">ESNA et Eurobogen : Notre collaboration audiovisuelle pour la Journ\u00e9e de la Paix \u00e0 Strasbourg<\/h2>\t\t\t\t<\/div>\n\t\t\t\t<\/div>\n\t\t\t\t\t<\/div>\n\t\t\t\t<\/div>\n\t\t<div class=\"elementor-element elementor-element-f128989 e-flex e-con-boxed wpr-particle-no wpr-jarallax-no wpr-parallax-no wpr-sticky-section-no wpr-equal-height-no e-con e-parent\" data-id=\"f128989\" data-element_type=\"container\" data-e-type=\"container\">\n\t\t\t\t\t<div class=\"e-con-inner\">\n\t\t\t\t<div class=\"elementor-element elementor-element-a202f79 elementor-widget elementor-widget-spacer\" data-id=\"a202f79\" data-element_type=\"widget\" data-e-type=\"widget\" data-widget_type=\"spacer.default\">\n\t\t\t\t<div class=\"elementor-widget-container\">\n\t\t\t\t\t\t\t<div class=\"elementor-spacer\">\n\t\t\t<div class=\"elementor-spacer-inner\"><\/div>\n\t\t<\/div>\n\t\t\t\t\t\t<\/div>\n\t\t\t\t<\/div>\n\t\t\t\t<div class=\"elementor-element elementor-element-8f3282c elementor-widget elementor-widget-text-editor\" data-id=\"8f3282c\" data-element_type=\"widget\" data-e-type=\"widget\" data-widget_type=\"text-editor.default\">\n\t\t\t\t<div class=\"elementor-widget-container\">\n\t\t\t\t\t\t\t\t\t<p><span class=\"router-outlet-wrapper ng-tns-c3782409689-0\"><strong class=\"ng-star-inserted\"><span class=\"ng-star-inserted\">Le 21 septembre dernier, \u00e0 l&rsquo;occasion de la Journ\u00e9e Internationale de la Paix initi\u00e9e par l&rsquo;ONU, l&rsquo;association ESNA a eu le privil\u00e8ge d&rsquo;accompagner le cabinet de formation Eurobogen pour un \u00e9v\u00e9nement marquant au c\u0153ur de Strasbourg. C&rsquo;est dans le cadre prestigieux du Ch\u00e2teau de Pourtal\u00e8s que nous avons d\u00e9ploy\u00e9 notre savoir-faire audiovisuel pour immortaliser et diffuser les messages de paix et de dialogue.<\/span><\/strong><\/span><\/p>\t\t\t\t\t\t\t\t<\/div>\n\t\t\t\t<\/div>\n\t\t\t\t<div class=\"elementor-element elementor-element-87484d4 elementor-widget elementor-widget-video\" data-id=\"87484d4\" data-element_type=\"widget\" data-e-type=\"widget\" data-settings=\"{&quot;youtube_url&quot;:&quot;https:\\\/\\\/www.youtube.com\\\/watch?v=cDruXiXQfh4&amp;t=175s&quot;,&quot;video_type&quot;:&quot;youtube&quot;,&quot;controls&quot;:&quot;yes&quot;}\" data-widget_type=\"video.default\">\n\t\t\t\t<div class=\"elementor-widget-container\">\n\t\t\t\t\t\t\t<div class=\"elementor-wrapper elementor-open-inline\">\n\t\t\t<div class=\"elementor-video\"><\/div>\t\t<\/div>\n\t\t\t\t\t\t<\/div>\n\t\t\t\t<\/div>\n\t\t\t\t<div class=\"elementor-element elementor-element-4f5e2f9 elementor-widget elementor-widget-spacer\" data-id=\"4f5e2f9\" data-element_type=\"widget\" data-e-type=\"widget\" data-widget_type=\"spacer.default\">\n\t\t\t\t<div class=\"elementor-widget-container\">\n\t\t\t\t\t\t\t<div class=\"elementor-spacer\">\n\t\t\t<div class=\"elementor-spacer-inner\"><\/div>\n\t\t<\/div>\n\t\t\t\t\t\t<\/div>\n\t\t\t\t<\/div>\n\t\t\t\t<div class=\"elementor-element elementor-element-bbd7410 elementor-widget elementor-widget-text-editor\" data-id=\"bbd7410\" data-element_type=\"widget\" data-e-type=\"widget\" data-widget_type=\"text-editor.default\">\n\t\t\t\t<div class=\"elementor-widget-container\">\n\t\t\t\t\t\t\t\t\t<h4 class=\"ng-star-inserted\"><strong class=\"ng-star-inserted\"><span class=\"ng-star-inserted\">Un \u00e9v\u00e9nement porteur de sens au Ch\u00e2teau de Pourtal\u00e8s<\/span><\/strong><\/h4><p class=\"ng-star-inserted\"><span class=\"ng-star-inserted\">Organis\u00e9e par Eurobogen, un cabinet reconnu pour son expertise dans les comp\u00e9tences li\u00e9es \u00e0 la paix et la m\u00e9diation, cette journ\u00e9e a rassembl\u00e9 de nombreux participants autour d&rsquo;un programme riche. <\/span><span class=\"ng-star-inserted\">Des conf\u00e9rences sur la gestion de conflit en entreprise aux ateliers sur l&rsquo;ancrage de la paix au niveau local, l&rsquo;\u00e9v\u00e9nement a permis des \u00e9changes constructifs et inspirants. <\/span><span class=\"ng-star-inserted\">L&rsquo;objectif \u00e9tait clair : affirmer que chacun, \u00e0 son \u00e9chelle, peut \u00eatre un acteur de paix.<\/span><\/p>\t\t\t\t\t\t\t\t<\/div>\n\t\t\t\t<\/div>\n\t\t\t\t<div class=\"elementor-element elementor-element-4fa5d23 elementor-widget elementor-widget-spacer\" data-id=\"4fa5d23\" data-element_type=\"widget\" data-e-type=\"widget\" data-widget_type=\"spacer.default\">\n\t\t\t\t<div class=\"elementor-widget-container\">\n\t\t\t\t\t\t\t<div class=\"elementor-spacer\">\n\t\t\t<div class=\"elementor-spacer-inner\"><\/div>\n\t\t<\/div>\n\t\t\t\t\t\t<\/div>\n\t\t\t\t<\/div>\n\t\t\t\t<div class=\"elementor-element elementor-element-75d7137 elementor-widget elementor-widget-heading\" data-id=\"75d7137\" data-element_type=\"widget\" data-e-type=\"widget\" data-widget_type=\"heading.default\">\n\t\t\t\t<div class=\"elementor-widget-container\">\n\t\t\t\t\t<h2 class=\"elementor-heading-title elementor-size-default\">Une collaboration fructueuse au service de valeurs communes<\/h2>\t\t\t\t<\/div>\n\t\t\t\t<\/div>\n\t\t<div class=\"elementor-element elementor-element-3aa7e42 e-con-full e-flex wpr-particle-no wpr-jarallax-no wpr-parallax-no wpr-sticky-section-no wpr-equal-height-no e-con e-child\" data-id=\"3aa7e42\" data-element_type=\"container\" data-e-type=\"container\">\n\t\t\t\t<div class=\"elementor-element elementor-element-9f4b9c5 elementor-widget elementor-widget-text-editor\" data-id=\"9f4b9c5\" data-element_type=\"widget\" data-e-type=\"widget\" data-widget_type=\"text-editor.default\">\n\t\t\t\t<div class=\"elementor-widget-container\">\n\t\t\t\t\t\t\t\t\t<p class=\"ng-star-inserted\"><span class=\"ng-star-inserted\">Ce partenariat avec Eurobogen illustre parfaitement la vocation de l&rsquo;association ESNA : mettre la technique audiovisuelle au service de projets porteurs de sens. La r\u00e9ussite de cet \u00e9v\u00e9nement d\u00e9montre comment un accompagnement professionnel peut amplifier la port\u00e9e d&rsquo;une initiative locale et renforcer son impact.<\/span><\/p><p class=\"ng-star-inserted\"><span class=\"ng-star-inserted\">Nous sommes fiers d&rsquo;avoir contribu\u00e9, par notre expertise, au succ\u00e8s de cette belle journ\u00e9e d\u00e9di\u00e9e \u00e0 la paix. Cette collaboration \u00e0 Strasbourg, ville symbole de la r\u00e9conciliation, nous motive \u00e0 poursuivre notre engagement aupr\u00e8s des acteurs locaux qui \u0153uvrent pour un avenir plus serein.<\/span><\/p><p class=\"ng-star-inserted\"><strong class=\"ng-star-inserted\"><span class=\"ng-star-inserted\">L&rsquo;association ESNA remercie chaleureusement le cabinet Eurobogen pour sa confiance et se r\u00e9jouit de futures collaborations pour continuer \u00e0 mettre en lumi\u00e8re les initiatives positives de notre territoire.<\/span><\/strong><\/p>\t\t\t\t\t\t\t\t<\/div>\n\t\t\t\t<\/div>\n\t\t\t\t<div class=\"elementor-element elementor-element-105cea2 elementor-widget elementor-widget-image\" data-id=\"105cea2\" data-element_type=\"widget\" data-e-type=\"widget\" data-widget_type=\"image.default\">\n\t\t\t\t<div class=\"elementor-widget-container\">\n\t\t\t\t\t\t\t\t\t\t\t\t\t\t\t<img fetchpriority=\"high\" decoding=\"async\" width=\"1024\" height=\"683\" src=\"https:\/\/assoesna.org\/wp-content\/uploads\/2025\/11\/JDP_Eurobogen_By-ESNA-212-1024x683.jpg\" class=\"attachment-large size-large wp-image-1312\" alt=\"\" srcset=\"https:\/\/assoesna.org\/wp-content\/uploads\/2025\/11\/JDP_Eurobogen_By-ESNA-212-1024x683.jpg 1024w, https:\/\/assoesna.org\/wp-content\/uploads\/2025\/11\/JDP_Eurobogen_By-ESNA-212-300x200.jpg 300w, https:\/\/assoesna.org\/wp-content\/uploads\/2025\/11\/JDP_Eurobogen_By-ESNA-212-768x512.jpg 768w, https:\/\/assoesna.org\/wp-content\/uploads\/2025\/11\/JDP_Eurobogen_By-ESNA-212-1536x1024.jpg 1536w, https:\/\/assoesna.org\/wp-content\/uploads\/2025\/11\/JDP_Eurobogen_By-ESNA-212-2048x1366.jpg 2048w\" sizes=\"(max-width: 1024px) 100vw, 1024px\" \/>\t\t\t\t\t\t\t\t\t\t\t\t\t\t\t<\/div>\n\t\t\t\t<\/div>\n\t\t\t\t<\/div>\n\t\t\t\t\t<\/div>\n\t\t\t\t<\/div>\n\t\t<div class=\"elementor-element elementor-element-9422e66 e-flex e-con-boxed wpr-particle-no wpr-jarallax-no wpr-parallax-no wpr-sticky-section-no wpr-equal-height-no e-con e-parent\" data-id=\"9422e66\" data-element_type=\"container\" data-e-type=\"container\" data-settings=\"{&quot;background_background&quot;:&quot;classic&quot;}\">\n\t\t\t\t\t<div class=\"e-con-inner\">\n\t\t\t\t\t<\/div>\n\t\t\t\t<\/div>\n\t\t\t\t<\/div>\n\t\t","protected":false},"excerpt":{"rendered":"<p>ESNA et Eurobogen : Notre collaboration audiovisuelle pour la Journ\u00e9e de la Paix \u00e0 Strasbourg Le 21 septembre dernier, \u00e0 l&rsquo;occasion de la Journ\u00e9e Internationale de la Paix initi\u00e9e par l&rsquo;ONU, l&rsquo;association ESNA a eu le privil\u00e8ge d&rsquo;accompagner le cabinet de formation Eurobogen pour un \u00e9v\u00e9nement marquant au c\u0153ur de Strasbourg. C&rsquo;est dans le cadre prestigieux du Ch\u00e2teau de Pourtal\u00e8s que nous avons d\u00e9ploy\u00e9 notre savoir-faire audiovisuel pour immortaliser et diffuser les messages de paix et de dialogue. https:\/\/www.youtube.com\/watch?v=cDruXiXQfh4&#038;t=175s Un \u00e9v\u00e9nement porteur de sens au Ch\u00e2teau de Pourtal\u00e8s Organis\u00e9e par Eurobogen, un cabinet reconnu pour son expertise dans les comp\u00e9tences li\u00e9es \u00e0 la paix et la m\u00e9diation, cette journ\u00e9e a rassembl\u00e9 de nombreux participants autour d&rsquo;un programme riche. Des conf\u00e9rences sur la gestion de conflit en entreprise aux ateliers sur l&rsquo;ancrage de la paix au niveau local, l&rsquo;\u00e9v\u00e9nement a permis des \u00e9changes constructifs et inspirants. L&rsquo;objectif \u00e9tait clair : affirmer que chacun, \u00e0 son \u00e9chelle, peut \u00eatre un acteur de paix. Une collaboration fructueuse au service de valeurs communes Ce partenariat avec Eurobogen illustre parfaitement la vocation de l&rsquo;association ESNA : mettre la technique audiovisuelle au service de projets porteurs de sens. La r\u00e9ussite de cet \u00e9v\u00e9nement d\u00e9montre comment un accompagnement professionnel peut amplifier la port\u00e9e d&rsquo;une initiative locale et renforcer son impact. Nous sommes fiers d&rsquo;avoir contribu\u00e9, par notre expertise, au succ\u00e8s de cette belle journ\u00e9e d\u00e9di\u00e9e \u00e0 la paix. Cette collaboration \u00e0 Strasbourg, ville symbole de la r\u00e9conciliation, nous motive \u00e0 poursuivre notre engagement aupr\u00e8s des acteurs locaux qui \u0153uvrent pour un avenir plus serein. L&rsquo;association ESNA remercie chaleureusement le cabinet Eurobogen pour sa confiance et se r\u00e9jouit de futures collaborations pour continuer \u00e0 mettre en lumi\u00e8re les initiatives positives de notre territoire.<\/p>\n","protected":false},"author":1,"featured_media":1312,"comment_status":"open","ping_status":"open","sticky":false,"template":"","format":"standard","meta":{"footnotes":""},"categories":[1],"tags":[],"class_list":["post-1306","post","type-post","status-publish","format-standard","has-post-thumbnail","hentry","category-non-classe"],"yoast_head":"<!-- This site is optimized with the Yoast SEO plugin v27.4 - https:\/\/yoast.com\/product\/yoast-seo-wordpress\/ -->\n<title>ESNA et Eurobogen : Notre collaboration audiovisuelle pour la Journ\u00e9e de la Paix \u00e0 Strasbourg - ESNA<\/title>\n<meta name=\"robots\" content=\"index, follow, max-snippet:-1, max-image-preview:large, max-video-preview:-1\" \/>\n<link rel=\"canonical\" href=\"https:\/\/assoesna.org\/index.php\/2025\/11\/01\/esna-et-eurobogen-notre-collaboration-audiovisuelle-pour-la-journee-de-la-paix-a-strasbourg\/\" \/>\n<meta property=\"og:locale\" content=\"fr_FR\" \/>\n<meta property=\"og:type\" content=\"article\" \/>\n<meta property=\"og:title\" content=\"ESNA et Eurobogen : Notre collaboration audiovisuelle pour la Journ\u00e9e de la Paix \u00e0 Strasbourg - ESNA\" \/>\n<meta property=\"og:description\" content=\"ESNA et Eurobogen : Notre collaboration audiovisuelle pour la Journ\u00e9e de la Paix \u00e0 Strasbourg Le 21 septembre dernier, \u00e0 l&rsquo;occasion de la Journ\u00e9e Internationale de la Paix initi\u00e9e par l&rsquo;ONU, l&rsquo;association ESNA a eu le privil\u00e8ge d&rsquo;accompagner le cabinet de formation Eurobogen pour un \u00e9v\u00e9nement marquant au c\u0153ur de Strasbourg. C&rsquo;est dans le cadre prestigieux du Ch\u00e2teau de Pourtal\u00e8s que nous avons d\u00e9ploy\u00e9 notre savoir-faire audiovisuel pour immortaliser et diffuser les messages de paix et de dialogue. https:\/\/www.youtube.com\/watch?v=cDruXiXQfh4&#038;t=175s Un \u00e9v\u00e9nement porteur de sens au Ch\u00e2teau de Pourtal\u00e8s Organis\u00e9e par Eurobogen, un cabinet reconnu pour son expertise dans les comp\u00e9tences li\u00e9es \u00e0 la paix et la m\u00e9diation, cette journ\u00e9e a rassembl\u00e9 de nombreux participants autour d&rsquo;un programme riche. Des conf\u00e9rences sur la gestion de conflit en entreprise aux ateliers sur l&rsquo;ancrage de la paix au niveau local, l&rsquo;\u00e9v\u00e9nement a permis des \u00e9changes constructifs et inspirants. L&rsquo;objectif \u00e9tait clair : affirmer que chacun, \u00e0 son \u00e9chelle, peut \u00eatre un acteur de paix. Une collaboration fructueuse au service de valeurs communes Ce partenariat avec Eurobogen illustre parfaitement la vocation de l&rsquo;association ESNA : mettre la technique audiovisuelle au service de projets porteurs de sens. La r\u00e9ussite de cet \u00e9v\u00e9nement d\u00e9montre comment un accompagnement professionnel peut amplifier la port\u00e9e d&rsquo;une initiative locale et renforcer son impact. Nous sommes fiers d&rsquo;avoir contribu\u00e9, par notre expertise, au succ\u00e8s de cette belle journ\u00e9e d\u00e9di\u00e9e \u00e0 la paix. Cette collaboration \u00e0 Strasbourg, ville symbole de la r\u00e9conciliation, nous motive \u00e0 poursuivre notre engagement aupr\u00e8s des acteurs locaux qui \u0153uvrent pour un avenir plus serein. L&rsquo;association ESNA remercie chaleureusement le cabinet Eurobogen pour sa confiance et se r\u00e9jouit de futures collaborations pour continuer \u00e0 mettre en lumi\u00e8re les initiatives positives de notre territoire.\" \/>\n<meta property=\"og:url\" content=\"https:\/\/assoesna.org\/index.php\/2025\/11\/01\/esna-et-eurobogen-notre-collaboration-audiovisuelle-pour-la-journee-de-la-paix-a-strasbourg\/\" \/>\n<meta property=\"og:site_name\" content=\"ESNA\" \/>\n<meta property=\"article:published_time\" content=\"2025-11-01T14:06:58+00:00\" \/>\n<meta property=\"article:modified_time\" content=\"2025-11-01T14:18:41+00:00\" \/>\n<meta property=\"og:image\" content=\"https:\/\/assoesna.org\/wp-content\/uploads\/2025\/11\/JDP_Eurobogen_By-ESNA-212.jpg\" \/>\n\t<meta property=\"og:image:width\" content=\"2560\" \/>\n\t<meta property=\"og:image:height\" content=\"1707\" \/>\n\t<meta property=\"og:image:type\" content=\"image\/jpeg\" \/>\n<meta name=\"author\" content=\"Assoesna\" \/>\n<meta name=\"twitter:card\" content=\"summary_large_image\" \/>\n<meta name=\"twitter:label1\" content=\"\u00c9crit par\" \/>\n\t<meta name=\"twitter:data1\" content=\"Assoesna\" \/>\n\t<meta name=\"twitter:label2\" content=\"Dur\u00e9e de lecture estim\u00e9e\" \/>\n\t<meta name=\"twitter:data2\" content=\"2 minutes\" \/>\n<script type=\"application\/ld+json\" class=\"yoast-schema-graph\">{\"@context\":\"https:\\\/\\\/schema.org\",\"@graph\":[{\"@type\":\"Article\",\"@id\":\"https:\\\/\\\/assoesna.org\\\/index.php\\\/2025\\\/11\\\/01\\\/esna-et-eurobogen-notre-collaboration-audiovisuelle-pour-la-journee-de-la-paix-a-strasbourg\\\/#article\",\"isPartOf\":{\"@id\":\"https:\\\/\\\/assoesna.org\\\/index.php\\\/2025\\\/11\\\/01\\\/esna-et-eurobogen-notre-collaboration-audiovisuelle-pour-la-journee-de-la-paix-a-strasbourg\\\/\"},\"author\":{\"name\":\"Assoesna\",\"@id\":\"https:\\\/\\\/assoesna.org\\\/#\\\/schema\\\/person\\\/d6f9b8e8ec2d9939cb6d651f517b60b1\"},\"headline\":\"ESNA et Eurobogen : Notre collaboration audiovisuelle pour la Journ\u00e9e de la Paix \u00e0 Strasbourg\",\"datePublished\":\"2025-11-01T14:06:58+00:00\",\"dateModified\":\"2025-11-01T14:18:41+00:00\",\"mainEntityOfPage\":{\"@id\":\"https:\\\/\\\/assoesna.org\\\/index.php\\\/2025\\\/11\\\/01\\\/esna-et-eurobogen-notre-collaboration-audiovisuelle-pour-la-journee-de-la-paix-a-strasbourg\\\/\"},\"wordCount\":339,\"commentCount\":0,\"publisher\":{\"@id\":\"https:\\\/\\\/assoesna.org\\\/#organization\"},\"image\":{\"@id\":\"https:\\\/\\\/assoesna.org\\\/index.php\\\/2025\\\/11\\\/01\\\/esna-et-eurobogen-notre-collaboration-audiovisuelle-pour-la-journee-de-la-paix-a-strasbourg\\\/#primaryimage\"},\"thumbnailUrl\":\"https:\\\/\\\/assoesna.org\\\/wp-content\\\/uploads\\\/2025\\\/11\\\/JDP_Eurobogen_By-ESNA-212.jpg\",\"inLanguage\":\"fr-FR\",\"potentialAction\":[{\"@type\":\"CommentAction\",\"name\":\"Comment\",\"target\":[\"https:\\\/\\\/assoesna.org\\\/index.php\\\/2025\\\/11\\\/01\\\/esna-et-eurobogen-notre-collaboration-audiovisuelle-pour-la-journee-de-la-paix-a-strasbourg\\\/#respond\"]}]},{\"@type\":\"WebPage\",\"@id\":\"https:\\\/\\\/assoesna.org\\\/index.php\\\/2025\\\/11\\\/01\\\/esna-et-eurobogen-notre-collaboration-audiovisuelle-pour-la-journee-de-la-paix-a-strasbourg\\\/\",\"url\":\"https:\\\/\\\/assoesna.org\\\/index.php\\\/2025\\\/11\\\/01\\\/esna-et-eurobogen-notre-collaboration-audiovisuelle-pour-la-journee-de-la-paix-a-strasbourg\\\/\",\"name\":\"ESNA et Eurobogen : Notre collaboration audiovisuelle pour la Journ\u00e9e de la Paix \u00e0 Strasbourg - ESNA\",\"isPartOf\":{\"@id\":\"https:\\\/\\\/assoesna.org\\\/#website\"},\"primaryImageOfPage\":{\"@id\":\"https:\\\/\\\/assoesna.org\\\/index.php\\\/2025\\\/11\\\/01\\\/esna-et-eurobogen-notre-collaboration-audiovisuelle-pour-la-journee-de-la-paix-a-strasbourg\\\/#primaryimage\"},\"image\":{\"@id\":\"https:\\\/\\\/assoesna.org\\\/index.php\\\/2025\\\/11\\\/01\\\/esna-et-eurobogen-notre-collaboration-audiovisuelle-pour-la-journee-de-la-paix-a-strasbourg\\\/#primaryimage\"},\"thumbnailUrl\":\"https:\\\/\\\/assoesna.org\\\/wp-content\\\/uploads\\\/2025\\\/11\\\/JDP_Eurobogen_By-ESNA-212.jpg\",\"datePublished\":\"2025-11-01T14:06:58+00:00\",\"dateModified\":\"2025-11-01T14:18:41+00:00\",\"breadcrumb\":{\"@id\":\"https:\\\/\\\/assoesna.org\\\/index.php\\\/2025\\\/11\\\/01\\\/esna-et-eurobogen-notre-collaboration-audiovisuelle-pour-la-journee-de-la-paix-a-strasbourg\\\/#breadcrumb\"},\"inLanguage\":\"fr-FR\",\"potentialAction\":[{\"@type\":\"ReadAction\",\"target\":[\"https:\\\/\\\/assoesna.org\\\/index.php\\\/2025\\\/11\\\/01\\\/esna-et-eurobogen-notre-collaboration-audiovisuelle-pour-la-journee-de-la-paix-a-strasbourg\\\/\"]}]},{\"@type\":\"ImageObject\",\"inLanguage\":\"fr-FR\",\"@id\":\"https:\\\/\\\/assoesna.org\\\/index.php\\\/2025\\\/11\\\/01\\\/esna-et-eurobogen-notre-collaboration-audiovisuelle-pour-la-journee-de-la-paix-a-strasbourg\\\/#primaryimage\",\"url\":\"https:\\\/\\\/assoesna.org\\\/wp-content\\\/uploads\\\/2025\\\/11\\\/JDP_Eurobogen_By-ESNA-212.jpg\",\"contentUrl\":\"https:\\\/\\\/assoesna.org\\\/wp-content\\\/uploads\\\/2025\\\/11\\\/JDP_Eurobogen_By-ESNA-212.jpg\",\"width\":2560,\"height\":1707},{\"@type\":\"BreadcrumbList\",\"@id\":\"https:\\\/\\\/assoesna.org\\\/index.php\\\/2025\\\/11\\\/01\\\/esna-et-eurobogen-notre-collaboration-audiovisuelle-pour-la-journee-de-la-paix-a-strasbourg\\\/#breadcrumb\",\"itemListElement\":[{\"@type\":\"ListItem\",\"position\":1,\"name\":\"Accueil\",\"item\":\"https:\\\/\\\/assoesna.org\\\/\"},{\"@type\":\"ListItem\",\"position\":2,\"name\":\"ESNA et Eurobogen : Notre collaboration audiovisuelle pour la Journ\u00e9e de la Paix \u00e0 Strasbourg\"}]},{\"@type\":\"WebSite\",\"@id\":\"https:\\\/\\\/assoesna.org\\\/#website\",\"url\":\"https:\\\/\\\/assoesna.org\\\/\",\"name\":\"ESNA\",\"description\":\"Agir pour un avenir solidaire, inclusif et connect\u00e9\",\"publisher\":{\"@id\":\"https:\\\/\\\/assoesna.org\\\/#organization\"},\"potentialAction\":[{\"@type\":\"SearchAction\",\"target\":{\"@type\":\"EntryPoint\",\"urlTemplate\":\"https:\\\/\\\/assoesna.org\\\/?s={search_term_string}\"},\"query-input\":{\"@type\":\"PropertyValueSpecification\",\"valueRequired\":true,\"valueName\":\"search_term_string\"}}],\"inLanguage\":\"fr-FR\"},{\"@type\":\"Organization\",\"@id\":\"https:\\\/\\\/assoesna.org\\\/#organization\",\"name\":\"ESNA\",\"url\":\"https:\\\/\\\/assoesna.org\\\/\",\"logo\":{\"@type\":\"ImageObject\",\"inLanguage\":\"fr-FR\",\"@id\":\"https:\\\/\\\/assoesna.org\\\/#\\\/schema\\\/logo\\\/image\\\/\",\"url\":\"https:\\\/\\\/assoesna.org\\\/wp-content\\\/uploads\\\/2025\\\/02\\\/cropped-Fichier-10@4x-3.png\",\"contentUrl\":\"https:\\\/\\\/assoesna.org\\\/wp-content\\\/uploads\\\/2025\\\/02\\\/cropped-Fichier-10@4x-3.png\",\"width\":1506,\"height\":552,\"caption\":\"ESNA\"},\"image\":{\"@id\":\"https:\\\/\\\/assoesna.org\\\/#\\\/schema\\\/logo\\\/image\\\/\"}},{\"@type\":\"Person\",\"@id\":\"https:\\\/\\\/assoesna.org\\\/#\\\/schema\\\/person\\\/d6f9b8e8ec2d9939cb6d651f517b60b1\",\"name\":\"Assoesna\",\"image\":{\"@type\":\"ImageObject\",\"inLanguage\":\"fr-FR\",\"@id\":\"https:\\\/\\\/secure.gravatar.com\\\/avatar\\\/d2b8aaaf926ba226b54da48867188e380e1e5f8028cd48aec847282f7c1a7679?s=96&d=mm&r=g\",\"url\":\"https:\\\/\\\/secure.gravatar.com\\\/avatar\\\/d2b8aaaf926ba226b54da48867188e380e1e5f8028cd48aec847282f7c1a7679?s=96&d=mm&r=g\",\"contentUrl\":\"https:\\\/\\\/secure.gravatar.com\\\/avatar\\\/d2b8aaaf926ba226b54da48867188e380e1e5f8028cd48aec847282f7c1a7679?s=96&d=mm&r=g\",\"caption\":\"Assoesna\"},\"sameAs\":[\"http:\\\/\\\/assoesna.org\"],\"url\":\"https:\\\/\\\/assoesna.org\\\/index.php\\\/author\\\/assoesna\\\/\"}]}<\/script>\n<!-- \/ Yoast SEO plugin. -->","yoast_head_json":{"title":"ESNA et Eurobogen : Notre collaboration audiovisuelle pour la Journ\u00e9e de la Paix \u00e0 Strasbourg - ESNA","robots":{"index":"index","follow":"follow","max-snippet":"max-snippet:-1","max-image-preview":"max-image-preview:large","max-video-preview":"max-video-preview:-1"},"canonical":"https:\/\/assoesna.org\/index.php\/2025\/11\/01\/esna-et-eurobogen-notre-collaboration-audiovisuelle-pour-la-journee-de-la-paix-a-strasbourg\/","og_locale":"fr_FR","og_type":"article","og_title":"ESNA et Eurobogen : Notre collaboration audiovisuelle pour la Journ\u00e9e de la Paix \u00e0 Strasbourg - ESNA","og_description":"ESNA et Eurobogen : Notre collaboration audiovisuelle pour la Journ\u00e9e de la Paix \u00e0 Strasbourg Le 21 septembre dernier, \u00e0 l&rsquo;occasion de la Journ\u00e9e Internationale de la Paix initi\u00e9e par l&rsquo;ONU, l&rsquo;association ESNA a eu le privil\u00e8ge d&rsquo;accompagner le cabinet de formation Eurobogen pour un \u00e9v\u00e9nement marquant au c\u0153ur de Strasbourg. C&rsquo;est dans le cadre prestigieux du Ch\u00e2teau de Pourtal\u00e8s que nous avons d\u00e9ploy\u00e9 notre savoir-faire audiovisuel pour immortaliser et diffuser les messages de paix et de dialogue. https:\/\/www.youtube.com\/watch?v=cDruXiXQfh4&#038;t=175s Un \u00e9v\u00e9nement porteur de sens au Ch\u00e2teau de Pourtal\u00e8s Organis\u00e9e par Eurobogen, un cabinet reconnu pour son expertise dans les comp\u00e9tences li\u00e9es \u00e0 la paix et la m\u00e9diation, cette journ\u00e9e a rassembl\u00e9 de nombreux participants autour d&rsquo;un programme riche. Des conf\u00e9rences sur la gestion de conflit en entreprise aux ateliers sur l&rsquo;ancrage de la paix au niveau local, l&rsquo;\u00e9v\u00e9nement a permis des \u00e9changes constructifs et inspirants. L&rsquo;objectif \u00e9tait clair : affirmer que chacun, \u00e0 son \u00e9chelle, peut \u00eatre un acteur de paix. Une collaboration fructueuse au service de valeurs communes Ce partenariat avec Eurobogen illustre parfaitement la vocation de l&rsquo;association ESNA : mettre la technique audiovisuelle au service de projets porteurs de sens. La r\u00e9ussite de cet \u00e9v\u00e9nement d\u00e9montre comment un accompagnement professionnel peut amplifier la port\u00e9e d&rsquo;une initiative locale et renforcer son impact. Nous sommes fiers d&rsquo;avoir contribu\u00e9, par notre expertise, au succ\u00e8s de cette belle journ\u00e9e d\u00e9di\u00e9e \u00e0 la paix. Cette collaboration \u00e0 Strasbourg, ville symbole de la r\u00e9conciliation, nous motive \u00e0 poursuivre notre engagement aupr\u00e8s des acteurs locaux qui \u0153uvrent pour un avenir plus serein. L&rsquo;association ESNA remercie chaleureusement le cabinet Eurobogen pour sa confiance et se r\u00e9jouit de futures collaborations pour continuer \u00e0 mettre en lumi\u00e8re les initiatives positives de notre territoire.","og_url":"https:\/\/assoesna.org\/index.php\/2025\/11\/01\/esna-et-eurobogen-notre-collaboration-audiovisuelle-pour-la-journee-de-la-paix-a-strasbourg\/","og_site_name":"ESNA","article_published_time":"2025-11-01T14:06:58+00:00","article_modified_time":"2025-11-01T14:18:41+00:00","og_image":[{"width":2560,"height":1707,"url":"https:\/\/assoesna.org\/wp-content\/uploads\/2025\/11\/JDP_Eurobogen_By-ESNA-212.jpg","type":"image\/jpeg"}],"author":"Assoesna","twitter_card":"summary_large_image","twitter_misc":{"\u00c9crit par":"Assoesna","Dur\u00e9e de lecture estim\u00e9e":"2 minutes"},"schema":{"@context":"https:\/\/schema.org","@graph":[{"@type":"Article","@id":"https:\/\/assoesna.org\/index.php\/2025\/11\/01\/esna-et-eurobogen-notre-collaboration-audiovisuelle-pour-la-journee-de-la-paix-a-strasbourg\/#article","isPartOf":{"@id":"https:\/\/assoesna.org\/index.php\/2025\/11\/01\/esna-et-eurobogen-notre-collaboration-audiovisuelle-pour-la-journee-de-la-paix-a-strasbourg\/"},"author":{"name":"Assoesna","@id":"https:\/\/assoesna.org\/#\/schema\/person\/d6f9b8e8ec2d9939cb6d651f517b60b1"},"headline":"ESNA et Eurobogen : Notre collaboration audiovisuelle pour la Journ\u00e9e de la Paix \u00e0 Strasbourg","datePublished":"2025-11-01T14:06:58+00:00","dateModified":"2025-11-01T14:18:41+00:00","mainEntityOfPage":{"@id":"https:\/\/assoesna.org\/index.php\/2025\/11\/01\/esna-et-eurobogen-notre-collaboration-audiovisuelle-pour-la-journee-de-la-paix-a-strasbourg\/"},"wordCount":339,"commentCount":0,"publisher":{"@id":"https:\/\/assoesna.org\/#organization"},"image":{"@id":"https:\/\/assoesna.org\/index.php\/2025\/11\/01\/esna-et-eurobogen-notre-collaboration-audiovisuelle-pour-la-journee-de-la-paix-a-strasbourg\/#primaryimage"},"thumbnailUrl":"https:\/\/assoesna.org\/wp-content\/uploads\/2025\/11\/JDP_Eurobogen_By-ESNA-212.jpg","inLanguage":"fr-FR","potentialAction":[{"@type":"CommentAction","name":"Comment","target":["https:\/\/assoesna.org\/index.php\/2025\/11\/01\/esna-et-eurobogen-notre-collaboration-audiovisuelle-pour-la-journee-de-la-paix-a-strasbourg\/#respond"]}]},{"@type":"WebPage","@id":"https:\/\/assoesna.org\/index.php\/2025\/11\/01\/esna-et-eurobogen-notre-collaboration-audiovisuelle-pour-la-journee-de-la-paix-a-strasbourg\/","url":"https:\/\/assoesna.org\/index.php\/2025\/11\/01\/esna-et-eurobogen-notre-collaboration-audiovisuelle-pour-la-journee-de-la-paix-a-strasbourg\/","name":"ESNA et Eurobogen : Notre collaboration audiovisuelle pour la Journ\u00e9e de la Paix \u00e0 Strasbourg - ESNA","isPartOf":{"@id":"https:\/\/assoesna.org\/#website"},"primaryImageOfPage":{"@id":"https:\/\/assoesna.org\/index.php\/2025\/11\/01\/esna-et-eurobogen-notre-collaboration-audiovisuelle-pour-la-journee-de-la-paix-a-strasbourg\/#primaryimage"},"image":{"@id":"https:\/\/assoesna.org\/index.php\/2025\/11\/01\/esna-et-eurobogen-notre-collaboration-audiovisuelle-pour-la-journee-de-la-paix-a-strasbourg\/#primaryimage"},"thumbnailUrl":"https:\/\/assoesna.org\/wp-content\/uploads\/2025\/11\/JDP_Eurobogen_By-ESNA-212.jpg","datePublished":"2025-11-01T14:06:58+00:00","dateModified":"2025-11-01T14:18:41+00:00","breadcrumb":{"@id":"https:\/\/assoesna.org\/index.php\/2025\/11\/01\/esna-et-eurobogen-notre-collaboration-audiovisuelle-pour-la-journee-de-la-paix-a-strasbourg\/#breadcrumb"},"inLanguage":"fr-FR","potentialAction":[{"@type":"ReadAction","target":["https:\/\/assoesna.org\/index.php\/2025\/11\/01\/esna-et-eurobogen-notre-collaboration-audiovisuelle-pour-la-journee-de-la-paix-a-strasbourg\/"]}]},{"@type":"ImageObject","inLanguage":"fr-FR","@id":"https:\/\/assoesna.org\/index.php\/2025\/11\/01\/esna-et-eurobogen-notre-collaboration-audiovisuelle-pour-la-journee-de-la-paix-a-strasbourg\/#primaryimage","url":"https:\/\/assoesna.org\/wp-content\/uploads\/2025\/11\/JDP_Eurobogen_By-ESNA-212.jpg","contentUrl":"https:\/\/assoesna.org\/wp-content\/uploads\/2025\/11\/JDP_Eurobogen_By-ESNA-212.jpg","width":2560,"height":1707},{"@type":"BreadcrumbList","@id":"https:\/\/assoesna.org\/index.php\/2025\/11\/01\/esna-et-eurobogen-notre-collaboration-audiovisuelle-pour-la-journee-de-la-paix-a-strasbourg\/#breadcrumb","itemListElement":[{"@type":"ListItem","position":1,"name":"Accueil","item":"https:\/\/assoesna.org\/"},{"@type":"ListItem","position":2,"name":"ESNA et Eurobogen : Notre collaboration audiovisuelle pour la Journ\u00e9e de la Paix \u00e0 Strasbourg"}]},{"@type":"WebSite","@id":"https:\/\/assoesna.org\/#website","url":"https:\/\/assoesna.org\/","name":"ESNA","description":"Agir pour un avenir solidaire, inclusif et connect\u00e9","publisher":{"@id":"https:\/\/assoesna.org\/#organization"},"potentialAction":[{"@type":"SearchAction","target":{"@type":"EntryPoint","urlTemplate":"https:\/\/assoesna.org\/?s={search_term_string}"},"query-input":{"@type":"PropertyValueSpecification","valueRequired":true,"valueName":"search_term_string"}}],"inLanguage":"fr-FR"},{"@type":"Organization","@id":"https:\/\/assoesna.org\/#organization","name":"ESNA","url":"https:\/\/assoesna.org\/","logo":{"@type":"ImageObject","inLanguage":"fr-FR","@id":"https:\/\/assoesna.org\/#\/schema\/logo\/image\/","url":"https:\/\/assoesna.org\/wp-content\/uploads\/2025\/02\/cropped-Fichier-10@4x-3.png","contentUrl":"https:\/\/assoesna.org\/wp-content\/uploads\/2025\/02\/cropped-Fichier-10@4x-3.png","width":1506,"height":552,"caption":"ESNA"},"image":{"@id":"https:\/\/assoesna.org\/#\/schema\/logo\/image\/"}},{"@type":"Person","@id":"https:\/\/assoesna.org\/#\/schema\/person\/d6f9b8e8ec2d9939cb6d651f517b60b1","name":"Assoesna","image":{"@type":"ImageObject","inLanguage":"fr-FR","@id":"https:\/\/secure.gravatar.com\/avatar\/d2b8aaaf926ba226b54da48867188e380e1e5f8028cd48aec847282f7c1a7679?s=96&d=mm&r=g","url":"https:\/\/secure.gravatar.com\/avatar\/d2b8aaaf926ba226b54da48867188e380e1e5f8028cd48aec847282f7c1a7679?s=96&d=mm&r=g","contentUrl":"https:\/\/secure.gravatar.com\/avatar\/d2b8aaaf926ba226b54da48867188e380e1e5f8028cd48aec847282f7c1a7679?s=96&d=mm&r=g","caption":"Assoesna"},"sameAs":["http:\/\/assoesna.org"],"url":"https:\/\/assoesna.org\/index.php\/author\/assoesna\/"}]}},"rttpg_featured_image_url":{"full":["https:\/\/assoesna.org\/wp-content\/uploads\/2025\/11\/JDP_Eurobogen_By-ESNA-212.jpg",2560,1707,false],"landscape":["https:\/\/assoesna.org\/wp-content\/uploads\/2025\/11\/JDP_Eurobogen_By-ESNA-212.jpg",2560,1707,false],"portraits":["https:\/\/assoesna.org\/wp-content\/uploads\/2025\/11\/JDP_Eurobogen_By-ESNA-212.jpg",2560,1707,false],"thumbnail":["https:\/\/assoesna.org\/wp-content\/uploads\/2025\/11\/JDP_Eurobogen_By-ESNA-212-150x150.jpg",150,150,true],"medium":["https:\/\/assoesna.org\/wp-content\/uploads\/2025\/11\/JDP_Eurobogen_By-ESNA-212-300x200.jpg",300,200,true],"large":["https:\/\/assoesna.org\/wp-content\/uploads\/2025\/11\/JDP_Eurobogen_By-ESNA-212-1024x683.jpg",1024,683,true],"1536x1536":["https:\/\/assoesna.org\/wp-content\/uploads\/2025\/11\/JDP_Eurobogen_By-ESNA-212-1536x1024.jpg",1536,1024,true],"2048x2048":["https:\/\/assoesna.org\/wp-content\/uploads\/2025\/11\/JDP_Eurobogen_By-ESNA-212-2048x1366.jpg",2048,1366,true],"doctio-large":["https:\/\/assoesna.org\/wp-content\/uploads\/2025\/11\/JDP_Eurobogen_By-ESNA-212-1320x700.jpg",1320,700,true]},"rttpg_author":{"display_name":"Assoesna","author_link":"https:\/\/assoesna.org\/index.php\/author\/assoesna\/"},"rttpg_comment":0,"rttpg_category":"<a href=\"https:\/\/assoesna.org\/index.php\/category\/non-classe\/\" rel=\"category tag\">Non class\u00e9<\/a>","rttpg_excerpt":"ESNA et Eurobogen : Notre collaboration audiovisuelle pour la Journ\u00e9e de la Paix \u00e0 Strasbourg Le 21 septembre dernier, \u00e0 l&rsquo;occasion de la Journ\u00e9e Internationale de la Paix initi\u00e9e par l&rsquo;ONU, l&rsquo;association ESNA a eu le privil\u00e8ge d&rsquo;accompagner le cabinet de formation Eurobogen pour un \u00e9v\u00e9nement marquant au c\u0153ur de Strasbourg. C&rsquo;est dans le cadre\u2026","_links":{"self":[{"href":"https:\/\/assoesna.org\/index.php\/wp-json\/wp\/v2\/posts\/1306","targetHints":{"allow":["GET"]}}],"collection":[{"href":"https:\/\/assoesna.org\/index.php\/wp-json\/wp\/v2\/posts"}],"about":[{"href":"https:\/\/assoesna.org\/index.php\/wp-json\/wp\/v2\/types\/post"}],"author":[{"embeddable":true,"href":"https:\/\/assoesna.org\/index.php\/wp-json\/wp\/v2\/users\/1"}],"replies":[{"embeddable":true,"href":"https:\/\/assoesna.org\/index.php\/wp-json\/wp\/v2\/comments?post=1306"}],"version-history":[{"count":7,"href":"https:\/\/assoesna.org\/index.php\/wp-json\/wp\/v2\/posts\/1306\/revisions"}],"predecessor-version":[{"id":1315,"href":"https:\/\/assoesna.org\/index.php\/wp-json\/wp\/v2\/posts\/1306\/revisions\/1315"}],"wp:featuredmedia":[{"embeddable":true,"href":"https:\/\/assoesna.org\/index.php\/wp-json\/wp\/v2\/media\/1312"}],"wp:attachment":[{"href":"https:\/\/assoesna.org\/index.php\/wp-json\/wp\/v2\/media?parent=1306"}],"wp:term":[{"taxonomy":"category","embeddable":true,"href":"https:\/\/assoesna.org\/index.php\/wp-json\/wp\/v2\/categories?post=1306"},{"taxonomy":"post_tag","embeddable":true,"href":"https:\/\/assoesna.org\/index.php\/wp-json\/wp\/v2\/tags?post=1306"}],"curies":[{"name":"wp","href":"https:\/\/api.w.org\/{rel}","templated":true}]}}