{"id":1106,"date":"2025-03-02T13:36:47","date_gmt":"2025-03-02T12:36:47","guid":{"rendered":"https:\/\/assoesna.org\/?p=1106"},"modified":"2026-01-18T13:06:12","modified_gmt":"2026-01-18T12:06:12","slug":"esna-en-mission-au-togo","status":"publish","type":"post","link":"https:\/\/assoesna.org\/index.php\/2025\/03\/02\/esna-en-mission-au-togo\/","title":{"rendered":"ESNA en mission au Togo : Un reportage au c\u0153ur de l\u2019orphelinat de Kpom\u00e9"},"content":{"rendered":"\t\t<div data-elementor-type=\"wp-post\" data-elementor-id=\"1106\" class=\"elementor elementor-1106\">\n\t\t\t\t<div class=\"elementor-element elementor-element-e05455f e-flex e-con-boxed wpr-particle-no wpr-jarallax-no wpr-parallax-no wpr-sticky-section-no wpr-equal-height-no e-con e-parent\" data-id=\"e05455f\" data-element_type=\"container\" data-e-type=\"container\">\n\t\t\t\t\t<div class=\"e-con-inner\">\n\t\t\t\t<div class=\"elementor-element elementor-element-c026668 elementor-widget elementor-widget-spacer\" data-id=\"c026668\" data-element_type=\"widget\" data-e-type=\"widget\" data-widget_type=\"spacer.default\">\n\t\t\t\t<div class=\"elementor-widget-container\">\n\t\t\t\t\t\t\t<div class=\"elementor-spacer\">\n\t\t\t<div class=\"elementor-spacer-inner\"><\/div>\n\t\t<\/div>\n\t\t\t\t\t\t<\/div>\n\t\t\t\t<\/div>\n\t\t\t\t<div class=\"elementor-element elementor-element-c7ac623 elementor-widget__width-initial elementor-widget elementor-widget-heading\" data-id=\"c7ac623\" data-element_type=\"widget\" data-e-type=\"widget\" data-widget_type=\"heading.default\">\n\t\t\t\t<div class=\"elementor-widget-container\">\n\t\t\t\t\t<h2 class=\"elementor-heading-title elementor-size-default\">ESNA en mission au Togo : Un reportage au c\u0153ur de l\u2019orphelinat de Kpom\u00e9<\/h2>\t\t\t\t<\/div>\n\t\t\t\t<\/div>\n\t\t<div class=\"elementor-element elementor-element-303b49d e-con-full e-flex wpr-particle-no wpr-jarallax-no wpr-parallax-no wpr-sticky-section-no wpr-equal-height-no e-con e-child\" data-id=\"303b49d\" data-element_type=\"container\" data-e-type=\"container\">\n\t\t\t\t<div class=\"elementor-element elementor-element-9ca166c elementor-widget elementor-widget-text-editor\" data-id=\"9ca166c\" data-element_type=\"widget\" data-e-type=\"widget\" data-widget_type=\"text-editor.default\">\n\t\t\t\t<div class=\"elementor-widget-container\">\n\t\t\t\t\t\t\t\t\t<p>Dans le cadre de notre partenariat avec l\u2019association <strong>Fraternit\u00e9s Togo<\/strong>, notre \u00e9quipe audiovisuelle s\u2019est rendue \u00e0 <strong>Kpom\u00e9<\/strong>, au Togo, pour r\u00e9aliser un reportage exclusif sur l\u2019orphelinat soutenu par l\u2019association. Ce projet a pour but de mettre en lumi\u00e8re les actions men\u00e9es au quotidien pour offrir un avenir meilleur aux enfants accueillis.<\/p>\t\t\t\t\t\t\t\t<\/div>\n\t\t\t\t<\/div>\n\t\t\t\t<\/div>\n\t\t\t\t\t<\/div>\n\t\t\t\t<\/div>\n\t\t<div class=\"elementor-element elementor-element-6241509 e-flex e-con-boxed wpr-particle-no wpr-jarallax-no wpr-parallax-no wpr-sticky-section-no wpr-equal-height-no e-con e-parent\" data-id=\"6241509\" data-element_type=\"container\" data-e-type=\"container\">\n\t\t\t\t\t<div class=\"e-con-inner\">\n\t\t\t\t<div class=\"elementor-element elementor-element-305d4b0 elementor-widget elementor-widget-video\" data-id=\"305d4b0\" data-element_type=\"widget\" data-e-type=\"widget\" data-settings=\"{&quot;youtube_url&quot;:&quot;https:\\\/\\\/www.youtube.com\\\/watch?v=2AboMVw6oJI&quot;,&quot;video_type&quot;:&quot;youtube&quot;,&quot;controls&quot;:&quot;yes&quot;}\" data-widget_type=\"video.default\">\n\t\t\t\t<div class=\"elementor-widget-container\">\n\t\t\t\t\t\t\t<div class=\"elementor-wrapper elementor-open-inline\">\n\t\t\t<div class=\"elementor-video\"><\/div>\t\t<\/div>\n\t\t\t\t\t\t<\/div>\n\t\t\t\t<\/div>\n\t\t\t\t\t<\/div>\n\t\t\t\t<\/div>\n\t\t<div class=\"elementor-element elementor-element-f04bc77 e-flex e-con-boxed wpr-particle-no wpr-jarallax-no wpr-parallax-no wpr-sticky-section-no wpr-equal-height-no e-con e-parent\" data-id=\"f04bc77\" data-element_type=\"container\" data-e-type=\"container\">\n\t\t\t\t\t<div class=\"e-con-inner\">\n\t\t<div class=\"elementor-element elementor-element-4faa5a0 e-con-full e-flex wpr-particle-no wpr-jarallax-no wpr-parallax-no wpr-sticky-section-no wpr-equal-height-no e-con e-child\" data-id=\"4faa5a0\" data-element_type=\"container\" data-e-type=\"container\">\n\t\t<div class=\"elementor-element elementor-element-7f5343a e-con-full e-flex wpr-particle-no wpr-jarallax-no wpr-parallax-no wpr-sticky-section-no wpr-equal-height-no e-con e-child\" data-id=\"7f5343a\" data-element_type=\"container\" data-e-type=\"container\">\n\t\t\t\t<div class=\"elementor-element elementor-element-6470c42 elementor-widget__width-initial elementor-widget elementor-widget-image\" data-id=\"6470c42\" data-element_type=\"widget\" data-e-type=\"widget\" data-widget_type=\"image.default\">\n\t\t\t\t<div class=\"elementor-widget-container\">\n\t\t\t\t\t\t\t\t\t\t\t\t<figure class=\"wp-caption\">\n\t\t\t\t\t\t\t\t\t\t<img fetchpriority=\"high\" decoding=\"async\" width=\"1024\" height=\"683\" src=\"https:\/\/assoesna.org\/wp-content\/uploads\/2025\/03\/DSC00491-1024x683.jpg\" class=\"attachment-large size-large wp-image-1126\" alt=\"\" srcset=\"https:\/\/assoesna.org\/wp-content\/uploads\/2025\/03\/DSC00491-1024x683.jpg 1024w, https:\/\/assoesna.org\/wp-content\/uploads\/2025\/03\/DSC00491-300x200.jpg 300w, https:\/\/assoesna.org\/wp-content\/uploads\/2025\/03\/DSC00491-768x512.jpg 768w, https:\/\/assoesna.org\/wp-content\/uploads\/2025\/03\/DSC00491.jpg 1200w\" sizes=\"(max-width: 1024px) 100vw, 1024px\" \/>\t\t\t\t\t\t\t\t\t\t\t<figcaption class=\"widget-image-caption wp-caption-text\">Photo des enfants de l'orphelinat le Vigneron avec l'\u00e9quipe des encadrants<\/figcaption>\n\t\t\t\t\t\t\t\t\t\t<\/figure>\n\t\t\t\t\t\t\t\t\t<\/div>\n\t\t\t\t<\/div>\n\t\t<div class=\"elementor-element elementor-element-65cb2f6 e-con-full e-flex wpr-particle-no wpr-jarallax-no wpr-parallax-no wpr-sticky-section-no wpr-equal-height-no e-con e-child\" data-id=\"65cb2f6\" data-element_type=\"container\" data-e-type=\"container\">\n\t\t\t\t<div class=\"elementor-element elementor-element-ff317ab elementor-widget elementor-widget-heading\" data-id=\"ff317ab\" data-element_type=\"widget\" data-e-type=\"widget\" data-widget_type=\"heading.default\">\n\t\t\t\t<div class=\"elementor-widget-container\">\n\t\t\t\t\t<h2 class=\"elementor-heading-title elementor-size-default\">L\u2019Orphelinat Le Vigneron : Un Refuge Face \u00e0 l\u2019Adversit\u00e9<\/h2>\t\t\t\t<\/div>\n\t\t\t\t<\/div>\n\t\t\t\t<div class=\"elementor-element elementor-element-35a4e28 elementor-widget elementor-widget-text-editor\" data-id=\"35a4e28\" data-element_type=\"widget\" data-e-type=\"widget\" data-widget_type=\"text-editor.default\">\n\t\t\t\t<div class=\"elementor-widget-container\">\n\t\t\t\t\t\t\t\t\t<p>Situ\u00e9 \u00e0 <strong data-start=\"75\" data-end=\"84\">Kpom\u00e9<\/strong>, \u00e0 une trentaine de kilom\u00e8tres de <strong data-start=\"119\" data-end=\"127\">Lom\u00e9<\/strong>, l\u2019orphelinat <strong data-start=\"142\" data-end=\"157\">Le Vigneron<\/strong> accueille une vingtaine d\u2019enfants dans des conditions de grande pr\u00e9carit\u00e9. Depuis plusieurs ann\u00e9es, l\u2019\u00e9tablissement lutte pour offrir un cadre de vie stable et des perspectives d\u2019avenir \u00e0 ces jeunes, malgr\u00e9 un manque criant de ressources. Les d\u00e9fis sont nombreux : acc\u00e8s limit\u00e9 \u00e0 une alimentation suffisante, infrastructures insuffisantes, difficult\u00e9s financi\u00e8res constantes\u2026 Pourtant, l\u2019engagement des encadrants ne faiblit pas, et chaque jour, ils redoublent d\u2019efforts pour apporter un peu de r\u00e9confort et d\u2019espoir aux enfants.<\/p>\t\t\t\t\t\t\t\t<\/div>\n\t\t\t\t<\/div>\n\t\t\t\t<\/div>\n\t\t\t\t<\/div>\n\t\t\t\t<div class=\"elementor-element elementor-element-556ad1c elementor-widget elementor-widget-text-editor\" data-id=\"556ad1c\" data-element_type=\"widget\" data-e-type=\"widget\" data-widget_type=\"text-editor.default\">\n\t\t\t\t<div class=\"elementor-widget-container\">\n\t\t\t\t\t\t\t\t\t<p>Face \u00e0 ces d\u00e9fis, des initiatives solidaires voient le jour pour am\u00e9liorer leur quotidien. En 2024, un projet de <strong data-start=\"804\" data-end=\"822\">jardin potager<\/strong> a \u00e9t\u00e9 lanc\u00e9 avec le soutien de <strong data-start=\"854\" data-end=\"873\">Fraternit\u00e9s Togo<\/strong>, visant \u00e0 assurer une autonomie alimentaire minimale \u00e0 l\u2019orphelinat. Gr\u00e2ce \u00e0 la mise en place d\u2019un forage et d\u2019un syst\u00e8me d\u2019irrigation, les premiers l\u00e9gumes ont d\u00e9j\u00e0 commenc\u00e9 \u00e0 pousser : tomates, piments, aubergines, artemisia\u2026 Ce projet, au-del\u00e0 de garantir une source de nourriture, permet aussi aux enfants de s\u2019impliquer et d\u2019apprendre des comp\u00e9tences essentielles. Mais les besoins restent immenses, et le soutien de chacun est essentiel pour aider <strong data-start=\"1328\" data-end=\"1343\">Le Vigneron<\/strong> \u00e0 offrir un avenir plus serein \u00e0 ces enfants.<\/p>\t\t\t\t\t\t\t\t<\/div>\n\t\t\t\t<\/div>\n\t\t\t\t<\/div>\n\t\t\t\t\t<\/div>\n\t\t\t\t<\/div>\n\t\t<div class=\"elementor-element elementor-element-0b2c532 e-flex e-con-boxed wpr-particle-no wpr-jarallax-no wpr-parallax-no wpr-sticky-section-no wpr-equal-height-no e-con e-parent\" data-id=\"0b2c532\" data-element_type=\"container\" data-e-type=\"container\">\n\t\t\t\t\t<div class=\"e-con-inner\">\n\t\t\t\t<div class=\"elementor-element elementor-element-50cd87e elementor-widget elementor-widget-button\" data-id=\"50cd87e\" data-element_type=\"widget\" data-e-type=\"widget\" data-widget_type=\"button.default\">\n\t\t\t\t<div class=\"elementor-widget-container\">\n\t\t\t\t\t\t\t\t\t<div class=\"elementor-button-wrapper\">\n\t\t\t\t\t<a class=\"elementor-button elementor-button-link elementor-size-sm\" href=\"https:\/\/fraternitestogo.com\/\" target=\"_blank\">\n\t\t\t\t\t\t<span class=\"elementor-button-content-wrapper\">\n\t\t\t\t\t\t\t\t\t<span class=\"elementor-button-text\">D\u00e9couvrire Fraternit\u00e9s Togo<\/span>\n\t\t\t\t\t<\/span>\n\t\t\t\t\t<\/a>\n\t\t\t\t<\/div>\n\t\t\t\t\t\t\t\t<\/div>\n\t\t\t\t<\/div>\n\t\t\t\t<div class=\"elementor-element elementor-element-299d21e elementor-widget elementor-widget-heading\" data-id=\"299d21e\" data-element_type=\"widget\" data-e-type=\"widget\" data-widget_type=\"heading.default\">\n\t\t\t\t<div class=\"elementor-widget-container\">\n\t\t\t\t\t<h2 class=\"elementor-heading-title elementor-size-default\">Un reportage au service de la solidarit\u00e9<\/h2>\t\t\t\t<\/div>\n\t\t\t\t<\/div>\n\t\t<div class=\"elementor-element elementor-element-84a887d e-con-full e-flex wpr-particle-no wpr-jarallax-no wpr-parallax-no wpr-sticky-section-no wpr-equal-height-no e-con e-child\" data-id=\"84a887d\" data-element_type=\"container\" data-e-type=\"container\">\n\t\t\t\t<div class=\"elementor-element elementor-element-e4e8f24 elementor-widget elementor-widget-image\" data-id=\"e4e8f24\" data-element_type=\"widget\" data-e-type=\"widget\" data-widget_type=\"image.default\">\n\t\t\t\t<div class=\"elementor-widget-container\">\n\t\t\t\t\t\t\t\t\t\t\t\t\t\t\t<img decoding=\"async\" width=\"1024\" height=\"530\" src=\"https:\/\/assoesna.org\/wp-content\/uploads\/2025\/03\/WhatsApp-Image-2025-01-25-at-10.11.30-e1740926808475-1024x530.jpeg\" class=\"attachment-large size-large wp-image-1134\" alt=\"\" srcset=\"https:\/\/assoesna.org\/wp-content\/uploads\/2025\/03\/WhatsApp-Image-2025-01-25-at-10.11.30-e1740926808475-1024x530.jpeg 1024w, https:\/\/assoesna.org\/wp-content\/uploads\/2025\/03\/WhatsApp-Image-2025-01-25-at-10.11.30-e1740926808475-300x155.jpeg 300w, https:\/\/assoesna.org\/wp-content\/uploads\/2025\/03\/WhatsApp-Image-2025-01-25-at-10.11.30-e1740926808475-768x398.jpeg 768w, https:\/\/assoesna.org\/wp-content\/uploads\/2025\/03\/WhatsApp-Image-2025-01-25-at-10.11.30-e1740926808475.jpeg 1052w\" sizes=\"(max-width: 1024px) 100vw, 1024px\" \/>\t\t\t\t\t\t\t\t\t\t\t\t\t\t\t<\/div>\n\t\t\t\t<\/div>\n\t\t\t\t<div class=\"elementor-element elementor-element-9949911 elementor-widget__width-initial elementor-widget elementor-widget-text-editor\" data-id=\"9949911\" data-element_type=\"widget\" data-e-type=\"widget\" data-widget_type=\"text-editor.default\">\n\t\t\t\t<div class=\"elementor-widget-container\">\n\t\t\t\t\t\t\t\t\t<p>Ce reportage vid\u00e9o a pour objectif de <strong>sensibiliser et mobiliser<\/strong> autour des actions de <strong>Fraternit\u00e9s Togo<\/strong>. Gr\u00e2ce aux images et t\u00e9moignages recueillis, nous souhaitons montrer l\u2019importance de ces initiatives et encourager les soutiens, qu\u2019ils soient mat\u00e9riels, financiers ou humains.<\/p>\t\t\t\t\t\t\t\t<\/div>\n\t\t\t\t<\/div>\n\t\t\t\t<\/div>\n\t\t\t\t\t<\/div>\n\t\t\t\t<\/div>\n\t\t<div class=\"elementor-element elementor-element-ffefaba e-flex e-con-boxed wpr-particle-no wpr-jarallax-no wpr-parallax-no wpr-sticky-section-no wpr-equal-height-no e-con e-parent\" data-id=\"ffefaba\" data-element_type=\"container\" data-e-type=\"container\" data-settings=\"{&quot;background_background&quot;:&quot;classic&quot;}\">\n\t\t\t\t\t<div class=\"e-con-inner\">\n\t\t\t\t\t<\/div>\n\t\t\t\t<\/div>\n\t\t\t\t<\/div>\n\t\t","protected":false},"excerpt":{"rendered":"<p>ESNA en mission au Togo : Un reportage au c\u0153ur de l\u2019orphelinat de Kpom\u00e9 Dans le cadre de notre partenariat avec l\u2019association Fraternit\u00e9s Togo, notre \u00e9quipe audiovisuelle s\u2019est rendue \u00e0 Kpom\u00e9, au Togo, pour r\u00e9aliser un reportage exclusif sur l\u2019orphelinat soutenu par l\u2019association. Ce projet a pour but de mettre en lumi\u00e8re les actions men\u00e9es au quotidien pour offrir un avenir meilleur aux enfants accueillis. https:\/\/www.youtube.com\/watch?v=2AboMVw6oJI Photo des enfants de l&rsquo;orphelinat le Vigneron avec l&rsquo;\u00e9quipe des encadrants L\u2019Orphelinat Le Vigneron : Un Refuge Face \u00e0 l\u2019Adversit\u00e9 Situ\u00e9 \u00e0 Kpom\u00e9, \u00e0 une trentaine de kilom\u00e8tres de Lom\u00e9, l\u2019orphelinat Le Vigneron accueille une vingtaine d\u2019enfants dans des conditions de grande pr\u00e9carit\u00e9. Depuis plusieurs ann\u00e9es, l\u2019\u00e9tablissement lutte pour offrir un cadre de vie stable et des perspectives d\u2019avenir \u00e0 ces jeunes, malgr\u00e9 un manque criant de ressources. Les d\u00e9fis sont nombreux : acc\u00e8s limit\u00e9 \u00e0 une alimentation suffisante, infrastructures insuffisantes, difficult\u00e9s financi\u00e8res constantes\u2026 Pourtant, l\u2019engagement des encadrants ne faiblit pas, et chaque jour, ils redoublent d\u2019efforts pour apporter un peu de r\u00e9confort et d\u2019espoir aux enfants. Face \u00e0 ces d\u00e9fis, des initiatives solidaires voient le jour pour am\u00e9liorer leur quotidien. En 2024, un projet de jardin potager a \u00e9t\u00e9 lanc\u00e9 avec le soutien de Fraternit\u00e9s Togo, visant \u00e0 assurer une autonomie alimentaire minimale \u00e0 l\u2019orphelinat. Gr\u00e2ce \u00e0 la mise en place d\u2019un forage et d\u2019un syst\u00e8me d\u2019irrigation, les premiers l\u00e9gumes ont d\u00e9j\u00e0 commenc\u00e9 \u00e0 pousser : tomates, piments, aubergines, artemisia\u2026 Ce projet, au-del\u00e0 de garantir une source de nourriture, permet aussi aux enfants de s\u2019impliquer et d\u2019apprendre des comp\u00e9tences essentielles. Mais les besoins restent immenses, et le soutien de chacun est essentiel pour aider Le Vigneron \u00e0 offrir un avenir plus serein \u00e0 ces enfants. D\u00e9couvrire Fraternit\u00e9s Togo Un reportage au service de la solidarit\u00e9 Ce reportage vid\u00e9o a pour objectif de sensibiliser et mobiliser autour des actions de Fraternit\u00e9s Togo. Gr\u00e2ce aux images et t\u00e9moignages recueillis, nous souhaitons montrer l\u2019importance de ces initiatives et encourager les soutiens, qu\u2019ils soient mat\u00e9riels, financiers ou humains.<\/p>\n","protected":false},"author":1,"featured_media":1126,"comment_status":"open","ping_status":"open","sticky":false,"template":"","format":"standard","meta":{"footnotes":""},"categories":[1],"tags":[],"class_list":["post-1106","post","type-post","status-publish","format-standard","has-post-thumbnail","hentry","category-non-classe"],"yoast_head":"<!-- This site is optimized with the Yoast SEO plugin v27.4 - https:\/\/yoast.com\/product\/yoast-seo-wordpress\/ -->\n<title>ESNA en mission au Togo : Un reportage au c\u0153ur de l\u2019orphelinat de Kpom\u00e9 - ESNA<\/title>\n<meta name=\"description\" content=\"Dans le cadre de notre partenariat avec l\u2019association Fraternit\u00e9 Togo, l&#039;\u00e9quipe audiovisuelle ESNA s\u2019est rendue \u00e0 Kpom\u00e9, au Togo, pour r\u00e9aliser un reportage exclusif sur l\u2019orphelinat soutenu par l\u2019association.\" \/>\n<meta name=\"robots\" content=\"index, follow, max-snippet:-1, max-image-preview:large, max-video-preview:-1\" \/>\n<link rel=\"canonical\" href=\"https:\/\/assoesna.org\/index.php\/2025\/03\/02\/esna-en-mission-au-togo\/\" \/>\n<meta property=\"og:locale\" content=\"fr_FR\" \/>\n<meta property=\"og:type\" content=\"article\" \/>\n<meta property=\"og:title\" content=\"ESNA en mission au Togo : Un reportage au c\u0153ur de l\u2019orphelinat de Kpom\u00e9 - ESNA\" \/>\n<meta property=\"og:description\" content=\"Dans le cadre de notre partenariat avec l\u2019association Fraternit\u00e9 Togo, l&#039;\u00e9quipe audiovisuelle ESNA s\u2019est rendue \u00e0 Kpom\u00e9, au Togo, pour r\u00e9aliser un reportage exclusif sur l\u2019orphelinat soutenu par l\u2019association.\" \/>\n<meta property=\"og:url\" content=\"https:\/\/assoesna.org\/index.php\/2025\/03\/02\/esna-en-mission-au-togo\/\" \/>\n<meta property=\"og:site_name\" content=\"ESNA\" \/>\n<meta property=\"article:published_time\" content=\"2025-03-02T12:36:47+00:00\" \/>\n<meta property=\"article:modified_time\" content=\"2026-01-18T12:06:12+00:00\" \/>\n<meta property=\"og:image\" content=\"https:\/\/assoesna.org\/wp-content\/uploads\/2025\/03\/DSC00491.jpg\" \/>\n\t<meta property=\"og:image:width\" content=\"1200\" \/>\n\t<meta property=\"og:image:height\" content=\"800\" \/>\n\t<meta property=\"og:image:type\" content=\"image\/jpeg\" \/>\n<meta name=\"author\" content=\"Assoesna\" \/>\n<meta name=\"twitter:card\" content=\"summary_large_image\" \/>\n<meta name=\"twitter:label1\" content=\"\u00c9crit par\" \/>\n\t<meta name=\"twitter:data1\" content=\"Assoesna\" \/>\n\t<meta name=\"twitter:label2\" content=\"Dur\u00e9e de lecture estim\u00e9e\" \/>\n\t<meta name=\"twitter:data2\" content=\"3 minutes\" \/>\n<script type=\"application\/ld+json\" class=\"yoast-schema-graph\">{\"@context\":\"https:\\\/\\\/schema.org\",\"@graph\":[{\"@type\":\"Article\",\"@id\":\"https:\\\/\\\/assoesna.org\\\/index.php\\\/2025\\\/03\\\/02\\\/esna-en-mission-au-togo\\\/#article\",\"isPartOf\":{\"@id\":\"https:\\\/\\\/assoesna.org\\\/index.php\\\/2025\\\/03\\\/02\\\/esna-en-mission-au-togo\\\/\"},\"author\":{\"name\":\"Assoesna\",\"@id\":\"https:\\\/\\\/assoesna.org\\\/#\\\/schema\\\/person\\\/d6f9b8e8ec2d9939cb6d651f517b60b1\"},\"headline\":\"ESNA en mission au Togo : Un reportage au c\u0153ur de l\u2019orphelinat de Kpom\u00e9\",\"datePublished\":\"2025-03-02T12:36:47+00:00\",\"dateModified\":\"2026-01-18T12:06:12+00:00\",\"mainEntityOfPage\":{\"@id\":\"https:\\\/\\\/assoesna.org\\\/index.php\\\/2025\\\/03\\\/02\\\/esna-en-mission-au-togo\\\/\"},\"wordCount\":387,\"commentCount\":0,\"publisher\":{\"@id\":\"https:\\\/\\\/assoesna.org\\\/#organization\"},\"image\":{\"@id\":\"https:\\\/\\\/assoesna.org\\\/index.php\\\/2025\\\/03\\\/02\\\/esna-en-mission-au-togo\\\/#primaryimage\"},\"thumbnailUrl\":\"https:\\\/\\\/assoesna.org\\\/wp-content\\\/uploads\\\/2025\\\/03\\\/DSC00491.jpg\",\"inLanguage\":\"fr-FR\",\"potentialAction\":[{\"@type\":\"CommentAction\",\"name\":\"Comment\",\"target\":[\"https:\\\/\\\/assoesna.org\\\/index.php\\\/2025\\\/03\\\/02\\\/esna-en-mission-au-togo\\\/#respond\"]}]},{\"@type\":\"WebPage\",\"@id\":\"https:\\\/\\\/assoesna.org\\\/index.php\\\/2025\\\/03\\\/02\\\/esna-en-mission-au-togo\\\/\",\"url\":\"https:\\\/\\\/assoesna.org\\\/index.php\\\/2025\\\/03\\\/02\\\/esna-en-mission-au-togo\\\/\",\"name\":\"ESNA en mission au Togo : Un reportage au c\u0153ur de l\u2019orphelinat de Kpom\u00e9 - ESNA\",\"isPartOf\":{\"@id\":\"https:\\\/\\\/assoesna.org\\\/#website\"},\"primaryImageOfPage\":{\"@id\":\"https:\\\/\\\/assoesna.org\\\/index.php\\\/2025\\\/03\\\/02\\\/esna-en-mission-au-togo\\\/#primaryimage\"},\"image\":{\"@id\":\"https:\\\/\\\/assoesna.org\\\/index.php\\\/2025\\\/03\\\/02\\\/esna-en-mission-au-togo\\\/#primaryimage\"},\"thumbnailUrl\":\"https:\\\/\\\/assoesna.org\\\/wp-content\\\/uploads\\\/2025\\\/03\\\/DSC00491.jpg\",\"datePublished\":\"2025-03-02T12:36:47+00:00\",\"dateModified\":\"2026-01-18T12:06:12+00:00\",\"description\":\"Dans le cadre de notre partenariat avec l\u2019association Fraternit\u00e9 Togo, l'\u00e9quipe audiovisuelle ESNA s\u2019est rendue \u00e0 Kpom\u00e9, au Togo, pour r\u00e9aliser un reportage exclusif sur l\u2019orphelinat soutenu par l\u2019association.\",\"breadcrumb\":{\"@id\":\"https:\\\/\\\/assoesna.org\\\/index.php\\\/2025\\\/03\\\/02\\\/esna-en-mission-au-togo\\\/#breadcrumb\"},\"inLanguage\":\"fr-FR\",\"potentialAction\":[{\"@type\":\"ReadAction\",\"target\":[\"https:\\\/\\\/assoesna.org\\\/index.php\\\/2025\\\/03\\\/02\\\/esna-en-mission-au-togo\\\/\"]}]},{\"@type\":\"ImageObject\",\"inLanguage\":\"fr-FR\",\"@id\":\"https:\\\/\\\/assoesna.org\\\/index.php\\\/2025\\\/03\\\/02\\\/esna-en-mission-au-togo\\\/#primaryimage\",\"url\":\"https:\\\/\\\/assoesna.org\\\/wp-content\\\/uploads\\\/2025\\\/03\\\/DSC00491.jpg\",\"contentUrl\":\"https:\\\/\\\/assoesna.org\\\/wp-content\\\/uploads\\\/2025\\\/03\\\/DSC00491.jpg\",\"width\":1200,\"height\":800},{\"@type\":\"BreadcrumbList\",\"@id\":\"https:\\\/\\\/assoesna.org\\\/index.php\\\/2025\\\/03\\\/02\\\/esna-en-mission-au-togo\\\/#breadcrumb\",\"itemListElement\":[{\"@type\":\"ListItem\",\"position\":1,\"name\":\"Accueil\",\"item\":\"https:\\\/\\\/assoesna.org\\\/\"},{\"@type\":\"ListItem\",\"position\":2,\"name\":\"ESNA en mission au Togo : Un reportage au c\u0153ur de l\u2019orphelinat de Kpom\u00e9\"}]},{\"@type\":\"WebSite\",\"@id\":\"https:\\\/\\\/assoesna.org\\\/#website\",\"url\":\"https:\\\/\\\/assoesna.org\\\/\",\"name\":\"ESNA\",\"description\":\"Agir pour un avenir solidaire, inclusif et connect\u00e9\",\"publisher\":{\"@id\":\"https:\\\/\\\/assoesna.org\\\/#organization\"},\"potentialAction\":[{\"@type\":\"SearchAction\",\"target\":{\"@type\":\"EntryPoint\",\"urlTemplate\":\"https:\\\/\\\/assoesna.org\\\/?s={search_term_string}\"},\"query-input\":{\"@type\":\"PropertyValueSpecification\",\"valueRequired\":true,\"valueName\":\"search_term_string\"}}],\"inLanguage\":\"fr-FR\"},{\"@type\":\"Organization\",\"@id\":\"https:\\\/\\\/assoesna.org\\\/#organization\",\"name\":\"ESNA\",\"url\":\"https:\\\/\\\/assoesna.org\\\/\",\"logo\":{\"@type\":\"ImageObject\",\"inLanguage\":\"fr-FR\",\"@id\":\"https:\\\/\\\/assoesna.org\\\/#\\\/schema\\\/logo\\\/image\\\/\",\"url\":\"https:\\\/\\\/assoesna.org\\\/wp-content\\\/uploads\\\/2025\\\/02\\\/cropped-Fichier-10@4x-3.png\",\"contentUrl\":\"https:\\\/\\\/assoesna.org\\\/wp-content\\\/uploads\\\/2025\\\/02\\\/cropped-Fichier-10@4x-3.png\",\"width\":1506,\"height\":552,\"caption\":\"ESNA\"},\"image\":{\"@id\":\"https:\\\/\\\/assoesna.org\\\/#\\\/schema\\\/logo\\\/image\\\/\"}},{\"@type\":\"Person\",\"@id\":\"https:\\\/\\\/assoesna.org\\\/#\\\/schema\\\/person\\\/d6f9b8e8ec2d9939cb6d651f517b60b1\",\"name\":\"Assoesna\",\"image\":{\"@type\":\"ImageObject\",\"inLanguage\":\"fr-FR\",\"@id\":\"https:\\\/\\\/secure.gravatar.com\\\/avatar\\\/d2b8aaaf926ba226b54da48867188e380e1e5f8028cd48aec847282f7c1a7679?s=96&d=mm&r=g\",\"url\":\"https:\\\/\\\/secure.gravatar.com\\\/avatar\\\/d2b8aaaf926ba226b54da48867188e380e1e5f8028cd48aec847282f7c1a7679?s=96&d=mm&r=g\",\"contentUrl\":\"https:\\\/\\\/secure.gravatar.com\\\/avatar\\\/d2b8aaaf926ba226b54da48867188e380e1e5f8028cd48aec847282f7c1a7679?s=96&d=mm&r=g\",\"caption\":\"Assoesna\"},\"sameAs\":[\"http:\\\/\\\/assoesna.org\"],\"url\":\"https:\\\/\\\/assoesna.org\\\/index.php\\\/author\\\/assoesna\\\/\"}]}<\/script>\n<!-- \/ Yoast SEO plugin. -->","yoast_head_json":{"title":"ESNA en mission au Togo : Un reportage au c\u0153ur de l\u2019orphelinat de Kpom\u00e9 - ESNA","description":"Dans le cadre de notre partenariat avec l\u2019association Fraternit\u00e9 Togo, l'\u00e9quipe audiovisuelle ESNA s\u2019est rendue \u00e0 Kpom\u00e9, au Togo, pour r\u00e9aliser un reportage exclusif sur l\u2019orphelinat soutenu par l\u2019association.","robots":{"index":"index","follow":"follow","max-snippet":"max-snippet:-1","max-image-preview":"max-image-preview:large","max-video-preview":"max-video-preview:-1"},"canonical":"https:\/\/assoesna.org\/index.php\/2025\/03\/02\/esna-en-mission-au-togo\/","og_locale":"fr_FR","og_type":"article","og_title":"ESNA en mission au Togo : Un reportage au c\u0153ur de l\u2019orphelinat de Kpom\u00e9 - ESNA","og_description":"Dans le cadre de notre partenariat avec l\u2019association Fraternit\u00e9 Togo, l'\u00e9quipe audiovisuelle ESNA s\u2019est rendue \u00e0 Kpom\u00e9, au Togo, pour r\u00e9aliser un reportage exclusif sur l\u2019orphelinat soutenu par l\u2019association.","og_url":"https:\/\/assoesna.org\/index.php\/2025\/03\/02\/esna-en-mission-au-togo\/","og_site_name":"ESNA","article_published_time":"2025-03-02T12:36:47+00:00","article_modified_time":"2026-01-18T12:06:12+00:00","og_image":[{"width":1200,"height":800,"url":"https:\/\/assoesna.org\/wp-content\/uploads\/2025\/03\/DSC00491.jpg","type":"image\/jpeg"}],"author":"Assoesna","twitter_card":"summary_large_image","twitter_misc":{"\u00c9crit par":"Assoesna","Dur\u00e9e de lecture estim\u00e9e":"3 minutes"},"schema":{"@context":"https:\/\/schema.org","@graph":[{"@type":"Article","@id":"https:\/\/assoesna.org\/index.php\/2025\/03\/02\/esna-en-mission-au-togo\/#article","isPartOf":{"@id":"https:\/\/assoesna.org\/index.php\/2025\/03\/02\/esna-en-mission-au-togo\/"},"author":{"name":"Assoesna","@id":"https:\/\/assoesna.org\/#\/schema\/person\/d6f9b8e8ec2d9939cb6d651f517b60b1"},"headline":"ESNA en mission au Togo : Un reportage au c\u0153ur de l\u2019orphelinat de Kpom\u00e9","datePublished":"2025-03-02T12:36:47+00:00","dateModified":"2026-01-18T12:06:12+00:00","mainEntityOfPage":{"@id":"https:\/\/assoesna.org\/index.php\/2025\/03\/02\/esna-en-mission-au-togo\/"},"wordCount":387,"commentCount":0,"publisher":{"@id":"https:\/\/assoesna.org\/#organization"},"image":{"@id":"https:\/\/assoesna.org\/index.php\/2025\/03\/02\/esna-en-mission-au-togo\/#primaryimage"},"thumbnailUrl":"https:\/\/assoesna.org\/wp-content\/uploads\/2025\/03\/DSC00491.jpg","inLanguage":"fr-FR","potentialAction":[{"@type":"CommentAction","name":"Comment","target":["https:\/\/assoesna.org\/index.php\/2025\/03\/02\/esna-en-mission-au-togo\/#respond"]}]},{"@type":"WebPage","@id":"https:\/\/assoesna.org\/index.php\/2025\/03\/02\/esna-en-mission-au-togo\/","url":"https:\/\/assoesna.org\/index.php\/2025\/03\/02\/esna-en-mission-au-togo\/","name":"ESNA en mission au Togo : Un reportage au c\u0153ur de l\u2019orphelinat de Kpom\u00e9 - ESNA","isPartOf":{"@id":"https:\/\/assoesna.org\/#website"},"primaryImageOfPage":{"@id":"https:\/\/assoesna.org\/index.php\/2025\/03\/02\/esna-en-mission-au-togo\/#primaryimage"},"image":{"@id":"https:\/\/assoesna.org\/index.php\/2025\/03\/02\/esna-en-mission-au-togo\/#primaryimage"},"thumbnailUrl":"https:\/\/assoesna.org\/wp-content\/uploads\/2025\/03\/DSC00491.jpg","datePublished":"2025-03-02T12:36:47+00:00","dateModified":"2026-01-18T12:06:12+00:00","description":"Dans le cadre de notre partenariat avec l\u2019association Fraternit\u00e9 Togo, l'\u00e9quipe audiovisuelle ESNA s\u2019est rendue \u00e0 Kpom\u00e9, au Togo, pour r\u00e9aliser un reportage exclusif sur l\u2019orphelinat soutenu par l\u2019association.","breadcrumb":{"@id":"https:\/\/assoesna.org\/index.php\/2025\/03\/02\/esna-en-mission-au-togo\/#breadcrumb"},"inLanguage":"fr-FR","potentialAction":[{"@type":"ReadAction","target":["https:\/\/assoesna.org\/index.php\/2025\/03\/02\/esna-en-mission-au-togo\/"]}]},{"@type":"ImageObject","inLanguage":"fr-FR","@id":"https:\/\/assoesna.org\/index.php\/2025\/03\/02\/esna-en-mission-au-togo\/#primaryimage","url":"https:\/\/assoesna.org\/wp-content\/uploads\/2025\/03\/DSC00491.jpg","contentUrl":"https:\/\/assoesna.org\/wp-content\/uploads\/2025\/03\/DSC00491.jpg","width":1200,"height":800},{"@type":"BreadcrumbList","@id":"https:\/\/assoesna.org\/index.php\/2025\/03\/02\/esna-en-mission-au-togo\/#breadcrumb","itemListElement":[{"@type":"ListItem","position":1,"name":"Accueil","item":"https:\/\/assoesna.org\/"},{"@type":"ListItem","position":2,"name":"ESNA en mission au Togo : Un reportage au c\u0153ur de l\u2019orphelinat de Kpom\u00e9"}]},{"@type":"WebSite","@id":"https:\/\/assoesna.org\/#website","url":"https:\/\/assoesna.org\/","name":"ESNA","description":"Agir pour un avenir solidaire, inclusif et connect\u00e9","publisher":{"@id":"https:\/\/assoesna.org\/#organization"},"potentialAction":[{"@type":"SearchAction","target":{"@type":"EntryPoint","urlTemplate":"https:\/\/assoesna.org\/?s={search_term_string}"},"query-input":{"@type":"PropertyValueSpecification","valueRequired":true,"valueName":"search_term_string"}}],"inLanguage":"fr-FR"},{"@type":"Organization","@id":"https:\/\/assoesna.org\/#organization","name":"ESNA","url":"https:\/\/assoesna.org\/","logo":{"@type":"ImageObject","inLanguage":"fr-FR","@id":"https:\/\/assoesna.org\/#\/schema\/logo\/image\/","url":"https:\/\/assoesna.org\/wp-content\/uploads\/2025\/02\/cropped-Fichier-10@4x-3.png","contentUrl":"https:\/\/assoesna.org\/wp-content\/uploads\/2025\/02\/cropped-Fichier-10@4x-3.png","width":1506,"height":552,"caption":"ESNA"},"image":{"@id":"https:\/\/assoesna.org\/#\/schema\/logo\/image\/"}},{"@type":"Person","@id":"https:\/\/assoesna.org\/#\/schema\/person\/d6f9b8e8ec2d9939cb6d651f517b60b1","name":"Assoesna","image":{"@type":"ImageObject","inLanguage":"fr-FR","@id":"https:\/\/secure.gravatar.com\/avatar\/d2b8aaaf926ba226b54da48867188e380e1e5f8028cd48aec847282f7c1a7679?s=96&d=mm&r=g","url":"https:\/\/secure.gravatar.com\/avatar\/d2b8aaaf926ba226b54da48867188e380e1e5f8028cd48aec847282f7c1a7679?s=96&d=mm&r=g","contentUrl":"https:\/\/secure.gravatar.com\/avatar\/d2b8aaaf926ba226b54da48867188e380e1e5f8028cd48aec847282f7c1a7679?s=96&d=mm&r=g","caption":"Assoesna"},"sameAs":["http:\/\/assoesna.org"],"url":"https:\/\/assoesna.org\/index.php\/author\/assoesna\/"}]}},"rttpg_featured_image_url":{"full":["https:\/\/assoesna.org\/wp-content\/uploads\/2025\/03\/DSC00491.jpg",1200,800,false],"landscape":["https:\/\/assoesna.org\/wp-content\/uploads\/2025\/03\/DSC00491.jpg",1200,800,false],"portraits":["https:\/\/assoesna.org\/wp-content\/uploads\/2025\/03\/DSC00491.jpg",1200,800,false],"thumbnail":["https:\/\/assoesna.org\/wp-content\/uploads\/2025\/03\/DSC00491-150x150.jpg",150,150,true],"medium":["https:\/\/assoesna.org\/wp-content\/uploads\/2025\/03\/DSC00491-300x200.jpg",300,200,true],"large":["https:\/\/assoesna.org\/wp-content\/uploads\/2025\/03\/DSC00491-1024x683.jpg",1024,683,true],"1536x1536":["https:\/\/assoesna.org\/wp-content\/uploads\/2025\/03\/DSC00491.jpg",1200,800,false],"2048x2048":["https:\/\/assoesna.org\/wp-content\/uploads\/2025\/03\/DSC00491.jpg",1200,800,false],"doctio-large":["https:\/\/assoesna.org\/wp-content\/uploads\/2025\/03\/DSC00491-1200x700.jpg",1200,700,true]},"rttpg_author":{"display_name":"Assoesna","author_link":"https:\/\/assoesna.org\/index.php\/author\/assoesna\/"},"rttpg_comment":0,"rttpg_category":"<a href=\"https:\/\/assoesna.org\/index.php\/category\/non-classe\/\" rel=\"category tag\">Non class\u00e9<\/a>","rttpg_excerpt":"ESNA en mission au Togo : Un reportage au c\u0153ur de l\u2019orphelinat de Kpom\u00e9 Dans le cadre de notre partenariat avec l\u2019association Fraternit\u00e9s Togo, notre \u00e9quipe audiovisuelle s\u2019est rendue \u00e0 Kpom\u00e9, au Togo, pour r\u00e9aliser un reportage exclusif sur l\u2019orphelinat soutenu par l\u2019association. Ce projet a pour but de mettre en lumi\u00e8re les actions men\u00e9es\u2026","_links":{"self":[{"href":"https:\/\/assoesna.org\/index.php\/wp-json\/wp\/v2\/posts\/1106","targetHints":{"allow":["GET"]}}],"collection":[{"href":"https:\/\/assoesna.org\/index.php\/wp-json\/wp\/v2\/posts"}],"about":[{"href":"https:\/\/assoesna.org\/index.php\/wp-json\/wp\/v2\/types\/post"}],"author":[{"embeddable":true,"href":"https:\/\/assoesna.org\/index.php\/wp-json\/wp\/v2\/users\/1"}],"replies":[{"embeddable":true,"href":"https:\/\/assoesna.org\/index.php\/wp-json\/wp\/v2\/comments?post=1106"}],"version-history":[{"count":50,"href":"https:\/\/assoesna.org\/index.php\/wp-json\/wp\/v2\/posts\/1106\/revisions"}],"predecessor-version":[{"id":1331,"href":"https:\/\/assoesna.org\/index.php\/wp-json\/wp\/v2\/posts\/1106\/revisions\/1331"}],"wp:featuredmedia":[{"embeddable":true,"href":"https:\/\/assoesna.org\/index.php\/wp-json\/wp\/v2\/media\/1126"}],"wp:attachment":[{"href":"https:\/\/assoesna.org\/index.php\/wp-json\/wp\/v2\/media?parent=1106"}],"wp:term":[{"taxonomy":"category","embeddable":true,"href":"https:\/\/assoesna.org\/index.php\/wp-json\/wp\/v2\/categories?post=1106"},{"taxonomy":"post_tag","embeddable":true,"href":"https:\/\/assoesna.org\/index.php\/wp-json\/wp\/v2\/tags?post=1106"}],"curies":[{"name":"wp","href":"https:\/\/api.w.org\/{rel}","templated":true}]}}